{"id":119360,"date":"2026-01-05T12:36:39","date_gmt":"2026-01-05T12:36:39","guid":{"rendered":"https:\/\/bcmgroup.in\/?p=119360"},"modified":"2026-04-23T05:58:05","modified_gmt":"2026-04-23T05:58:05","slug":"lipsa-fortei-de-munca","status":"publish","type":"post","link":"https:\/\/bcmgroup.in\/ro\/bloguri\/lipsa-fortei-de-munca\/","title":{"rendered":"Adev\u0103rul \u0218ocant Despre Lipsa Fortei De Munca \u0219i Cum \u00cel Po\u021bi Rezolva"},"content":{"rendered":"\t\t<div data-elementor-type=\"wp-post\" data-elementor-id=\"119360\" class=\"elementor elementor-119360\" data-elementor-post-type=\"post\">\n\t\t\t\t<div class=\"elementor-element elementor-element-21ac476 e-flex e-con-boxed e-con e-parent\" data-id=\"21ac476\" data-element_type=\"container\">\n\t\t\t\t\t<div class=\"e-con-inner\">\n\t\t\t\t<div class=\"elementor-element elementor-element-c61c30a elementor-widget elementor-widget-heading\" data-id=\"c61c30a\" data-element_type=\"widget\" data-widget_type=\"heading.default\">\n\t\t\t\t<div class=\"elementor-widget-container\">\n\t\t\t\t\t<h1 class=\"elementor-heading-title elementor-size-default\">Lipsa Fortei De Munca \u00een Rom\u00e2nia \u2013 Provoc\u0103rile Angaj\u0103rii \u00een 2026\n<\/h1>\t\t\t\t<\/div>\n\t\t\t\t<\/div>\n\t\t\t\t\t<\/div>\n\t\t\t\t<\/div>\n\t\t<div class=\"elementor-element elementor-element-e74c012 e-flex e-con-boxed e-con e-parent\" data-id=\"e74c012\" data-element_type=\"container\">\n\t\t\t\t\t<div class=\"e-con-inner\">\n\t\t\t\t<div class=\"elementor-element elementor-element-02da2e3 elementor-widget elementor-widget-image\" data-id=\"02da2e3\" data-element_type=\"widget\" data-widget_type=\"image.default\">\n\t\t\t\t<div class=\"elementor-widget-container\">\n\t\t\t\t\t\t\t\t\t\t\t\t\t\t\t<img fetchpriority=\"high\" decoding=\"async\" width=\"1920\" height=\"820\" src=\"https:\/\/bcmgroup.in\/wp-content\/uploads\/2026\/01\/Labor-Shortage-in-Romania-\u2013-Hiring-Challenges-in-2026.webp\" class=\"attachment-full size-full wp-image-126701\" alt=\"lipsa fortei de munca\" srcset=\"https:\/\/bcmgroup.in\/wp-content\/uploads\/2026\/01\/Labor-Shortage-in-Romania-\u2013-Hiring-Challenges-in-2026.webp 1920w, https:\/\/bcmgroup.in\/wp-content\/uploads\/2026\/01\/Labor-Shortage-in-Romania-\u2013-Hiring-Challenges-in-2026-300x128.webp 300w, https:\/\/bcmgroup.in\/wp-content\/uploads\/2026\/01\/Labor-Shortage-in-Romania-\u2013-Hiring-Challenges-in-2026-1024x437.webp 1024w, https:\/\/bcmgroup.in\/wp-content\/uploads\/2026\/01\/Labor-Shortage-in-Romania-\u2013-Hiring-Challenges-in-2026-768x328.webp 768w, https:\/\/bcmgroup.in\/wp-content\/uploads\/2026\/01\/Labor-Shortage-in-Romania-\u2013-Hiring-Challenges-in-2026-1536x656.webp 1536w\" sizes=\"(max-width: 1920px) 100vw, 1920px\" \/>\t\t\t\t\t\t\t\t\t\t\t\t\t\t\t<\/div>\n\t\t\t\t<\/div>\n\t\t\t\t\t<\/div>\n\t\t\t\t<\/div>\n\t\t<div class=\"elementor-element elementor-element-0ad0c3e e-flex e-con-boxed e-con e-parent\" data-id=\"0ad0c3e\" data-element_type=\"container\">\n\t\t\t\t\t<div class=\"e-con-inner\">\n\t\t\t\t<div class=\"elementor-element elementor-element-e767c2c elementor-widget elementor-widget-text-editor\" data-id=\"e767c2c\" data-element_type=\"widget\" data-widget_type=\"text-editor.default\">\n\t\t\t\t<div class=\"elementor-widget-container\">\n\t\t\t\t\t\t\t\t\t<ul><li style=\"font-weight: 400;\" aria-level=\"1\"><span style=\"font-weight: 400;\">Lipsa fortei de munca din Rom\u00e2nia a \u034fajuns la\u034f numer\u034fe \u00eengrijor\u034f\u0103\u034ftoare, cu mai mu\u034flt de \u034f6\u034f00.000 de locuri\u034f de munc\u0103 goale \u00eenregistrate \u00een 2025. Problema este ciud\u034fat\u0103: pe\u034f c\u00e2nd angajatorii caut\u0103 ur\u034fgent oameni, apr\u034foap\u034fe \u034f500.000 de persoane care pot munci nu apar nic\u0103ieri\u034f pe pia\u021ba muncii?<\/span><\/li><li style=\"font-weight: 400;\" aria-level=\"1\"><span style=\"font-weight: 400;\">\u00centr-adev\u0103r, problema lipsei de muncitori \u00een Rom\u00e2n\u034fia are mai multe motive. Printre e\u034fle\u034f se afl\u0103 p\u034flecarea a aproape 6 milioane rom\u00e2ni, cei peste 500.0\u034f00 c\u034fare nu lu\u034fcrea\u034fz\u0103 \u034fmen\u021biona\u021b\u034fi \u00eenainte dar \u0219i tine\u034frii NEET (Nu \u00een Educa\u021bie, Mu\u034fnc\u0103 sa\u034fu \u00cenv\u0103\u021b\u0103m\u00e2nt) car\u034fe formeaz\u0103 19,4%\u034f din grupa de\u034f v\u00e2rst\u0103 1\u034f5-29 an\u034fi. Cu to\u034fate acestea \u034fangajatorii continu\u0103 s\u0103 p\u034fun\u0103 anun\u021buri &#8211; 58% di\u034fn locurile libere (366.091) au fost spus repetat, un semn cla\u034fr al problemelor\u034f cu\u034f recr\u034futare!<\/span><\/li><li style=\"font-weight: 400;\" aria-level=\"1\"><span style=\"font-weight: 400;\">\u00ce\u034fn acest text, vom privi m\u0103rime\u034fa adev\u0103r\u034fat\u0103 a acestei crize, vom spune ce \u00eenseamn\u0103 lipsa de muncitori pentru economia \u034from\u00e2n\u0103 \u0219i\u034f vom cerceta\u034f s\u034folu\u021b\u034fia c\u034fare c\u00e2\u0219tig\u0103 mai m\u034fult loc: an\u034fgajarea lucr\u0103torilor di\u034fn afara Uniu\u034fnii E\u034furope\u034fne. L\u034fa sf\u00e2r\u034f\u0219itul an\u034fului 2025, mai mult \u034fde 140640 de angaja\u021bi din afar\u034f\u0103 UE au lucrat legal \u00een \u021ba\u034fra noastr\u0103 iar\u034f ace\u034fast\u0103\u034f tendin\u021b\u0103 e\u034f pe urcare\u034f. \u034fHaid\u034fe\u021bi s\u0103 \u00een\u021belegem \u034f\u00eempreun\u0103 motivele \u034fs\u034fi posibilele solu\u021b\u034fii \u034fale acestei chestiuni care afecteaz\u0103 \u034fvi\u034fitor economic al Rom\u00e2ni\u034fei?<\/span><\/li><\/ul><p style=\"text-align: center;\"><strong>Dar nu v\u0103 face\u021bi griji, <span style=\"text-decoration: underline;\"><a href=\"http:\/\/www.bcmgroup.in\/ro\">bcm group romania<\/a><\/span> global manpower srl este aici pentru a v\u0103 ajuta 24 de ore din 24.<\/strong><\/p>\t\t\t\t\t\t\t\t<\/div>\n\t\t\t\t<\/div>\n\t\t\t\t\t<\/div>\n\t\t\t\t<\/div>\n\t\t<div class=\"elementor-element elementor-element-f38975f e-flex e-con-boxed e-con e-parent\" data-id=\"f38975f\" data-element_type=\"container\">\n\t\t\t\t\t<div class=\"e-con-inner\">\n\t\t\t\t<div class=\"elementor-element elementor-element-0fa2321 elementor-widget elementor-widget-heading\" data-id=\"0fa2321\" data-element_type=\"widget\" data-widget_type=\"heading.default\">\n\t\t\t\t<div class=\"elementor-widget-container\">\n\t\t\t\t\t<h2 class=\"elementor-heading-title elementor-size-default\">Dimensiunea Real\u0103 a Lipsa Fortei De Munca \u00een Rom\u00e2nia\n<\/h2>\t\t\t\t<\/div>\n\t\t\t\t<\/div>\n\t\t\t\t<div class=\"elementor-element elementor-element-d0e8cec elementor-widget elementor-widget-text-editor\" data-id=\"d0e8cec\" data-element_type=\"widget\" data-widget_type=\"text-editor.default\">\n\t\t\t\t<div class=\"elementor-widget-container\">\n\t\t\t\t\t\t\t\t\t<p><span style=\"font-weight: 400;\">Pia\u021ba muncii din Rom\u00e2nia se confrunt\u0103 cu o provocare structural\u0103 major\u0103 care afecteaz\u0103 toate sectoarele economice. Pentru a \u00een\u021belege amploarea acestei probleme, trebuie s\u0103 analiz\u0103m cifrele \u0219i implica\u021biile reale.<\/span><\/p>\t\t\t\t\t\t\t\t<\/div>\n\t\t\t\t<\/div>\n\t\t\t\t\t<\/div>\n\t\t\t\t<\/div>\n\t\t<div class=\"elementor-element elementor-element-defecf6 e-flex e-con-boxed e-con e-parent\" data-id=\"defecf6\" data-element_type=\"container\">\n\t\t\t\t\t<div class=\"e-con-inner\">\n\t\t\t\t<div class=\"elementor-element elementor-element-5798848 elementor-widget elementor-widget-text-editor\" data-id=\"5798848\" data-element_type=\"widget\" data-widget_type=\"text-editor.default\">\n\t\t\t\t<div class=\"elementor-widget-container\">\n\t\t\t\t\t\t\t\t\t<p><span style=\"font-weight: 400;\">Un raport al Agen\u021biei N\u034fa\u021bionale p\u034fentru Munca arat\u0103 c\u0103 \u00een 2025 au fost 629.733 locuri de munc\u0103 libere. Din acest total, cam 58% (366.091) au \u034ffost spuse din nou de c\u0103tre angajatori &#8211; ceea ce arat\u0103 probl\u034feme mari \u00een procesul de a g\u034f\u0103si oameni pentru munc\u0103. A\u034fcum, sunt disponibile 30. 748 de l\u034focuri de\u034f munc\u0103 la nivel na\u021bio\u034fnal, dupa date ofic\u034fiale.<\/span><\/p><p><span style=\"font-weight: 400;\">Cele mai mult\u034fe locuri libere sunt \u00een industria \u034fde prelucrare, ca\u034fre are o cincime din toate locurile goale (8. 000). Sectorul bugetar face 28% \u034fdin toate muncil\u034fe disponibile, cu 4. 500 \u00ee\u034fn administrare public\u0103,\u034f 3. 500 \u00een s\u0103n\u0103tate \u0219i 3. 100 \u00een \u00eenv\u0103\u021b\u0103m\u00e2n\u034ft.<\/span><\/p>\t\t\t\t\t\t\t\t<\/div>\n\t\t\t\t<\/div>\n\t\t\t\t\t<\/div>\n\t\t\t\t<\/div>\n\t\t<div class=\"elementor-element elementor-element-8fa75c8 e-flex e-con-boxed e-con e-parent\" data-id=\"8fa75c8\" data-element_type=\"container\">\n\t\t\t\t\t<div class=\"e-con-inner\">\n\t\t\t\t<div class=\"elementor-element elementor-element-b73cb8f elementor-widget elementor-widget-heading\" data-id=\"b73cb8f\" data-element_type=\"widget\" data-widget_type=\"heading.default\">\n\t\t\t\t<div class=\"elementor-widget-container\">\n\t\t\t\t\t<h2 class=\"elementor-heading-title elementor-size-default\">Ce vrea s\u0103 spun\u0103 'lipsa fortei de munca' \u00een via\u021ba real\u034f\u0103?\n<\/h2>\t\t\t\t<\/div>\n\t\t\t\t<\/div>\n\t\t\t\t\t<\/div>\n\t\t\t\t<\/div>\n\t\t<div class=\"elementor-element elementor-element-de0f8c5 e-flex e-con-boxed e-con e-parent\" data-id=\"de0f8c5\" data-element_type=\"container\">\n\t\t\t\t\t<div class=\"e-con-inner\">\n\t\t\t\t<div class=\"elementor-element elementor-element-0c9a825 elementor-widget elementor-widget-text-editor\" data-id=\"0c9a825\" data-element_type=\"widget\" data-widget_type=\"text-editor.default\">\n\t\t\t\t<div class=\"elementor-widget-container\">\n\t\t\t\t\t\t\t\t\t<ul><li><span style=\"font-weight: 400;\">Lipsa Fortei de Munca in Rom\u00e2nia \u00eens\u034feam\u034fn\u034f\u0103 c\u00e2nd cerer\u034fea\u034f de lucr\u0103tori \u034fdin partea an\u034fgaja\u034ftorilor este mai mare dec\u00e2t num\u0103rul disponibil. \u034f\u00cen re\u034falitate, 40% dintre firme v\u0103d lipsa\u034f lucr\u0103torilor califica\u021bi ca o problem\u0103 urgent\u0103. Ac\u034feast\u0103 criz\u0103 afecteaz\u0103 at\u00e2t locurile de munc\u0103 care au nevoie de abilit\u0103\u021bi si\u034fmple,\u034f c\u00e2t \u0219i\u034f domeni\u034fi specializate p\u034frecum IT, \u0219tiin\u021be, inginerie si s\u0103n\u0103tate!<\/span><\/li><li><span style=\"font-weight: 400;\">Straniu,\u034f Rom\u00e2nia are \u00een\u034f acel\u034fa\u0219i timp un Lipsa Fortei de Munca in Rom\u00e2nia serios de munc\u0103 \u0219i rezer\u034fv\u034fe mari \u034fnefolosite. Avem una dintr\u034fe cele mai mici rate de participare a lucr\u0103torilor din UE iar aproap\u034fe 500.000 de oameni activi\u034f nu sunt \u00een\u034f c\u00e2mpul muncii .<\/span><\/li><\/ul>\t\t\t\t\t\t\t\t<\/div>\n\t\t\t\t<\/div>\n\t\t\t\t<div class=\"elementor-element elementor-element-56d1c26 elementor-widget elementor-widget-heading\" data-id=\"56d1c26\" data-element_type=\"widget\" data-widget_type=\"heading.default\">\n\t\t\t\t<div class=\"elementor-widget-container\">\n\t\t\t\t\t<h3 class=\"elementor-heading-title elementor-size-default\">Semnifica\u021bia termenului 'deficit' \u00een context economic\n<\/h3>\t\t\t\t<\/div>\n\t\t\t\t<\/div>\n\t\t\t\t<div class=\"elementor-element elementor-element-147b571 elementor-widget elementor-widget-text-editor\" data-id=\"147b571\" data-element_type=\"widget\" data-widget_type=\"text-editor.default\">\n\t\t\t\t<div class=\"elementor-widget-container\">\n\t\t\t\t\t\t\t\t\t<p><span style=\"font-weight: 400;\">\u00cen context economic, lipsa fortei de munca nu reprezint\u0103 doar o lips\u0103 numeric\u0103 de personal, ci un dezechilibru structural cu consecin\u021be profunde. 42\u200b\u200d\u200b\u200c\u200d\u200b\u200d\u200c\u200b\u200d\u200b\u200c\u200d\u200b\u200d\u200c au fost acele ocupatii pe piata muncii Lipsa Fortei de Munca in Rom\u00e2nia in toate statele membre ale UE in ultimul deceniu toate statele membre ale consiliul europei in ambii ani 2023 si 2024. Pe de alte parte, Lipsa Fortei de Munca in Rom\u00e2nia a contribuit la cresterea inflatiei cu pana la 2,8 puncte procentuale in Romania in 2023, dar acest efect s-a diminuat la 2,2 puncte procentuale in prima jumatate a anului 2024. In schimb, acest decalaj de varietate risc sa afecteze in cateva decenii capacitatea de a inova si a atrage investitii, precum si competitivitatea si potentialul pentru cresterea \u200b\u200d\u200b\u200c\u200d\u200b\u200d\u200c\u200b\u200d\u200b\u200c\u200d\u200b\u200d\u200ceconomica! Pe termen lung, lipsa for\u021bei de munc\u0103 pune \u00een pericol sustenabilitatea afacerilor \u0219i succesul acestora.<\/span><\/p>\t\t\t\t\t\t\t\t<\/div>\n\t\t\t\t<\/div>\n\t\t\t\t\t<\/div>\n\t\t\t\t<\/div>\n\t\t<div class=\"elementor-element elementor-element-27a1f7e e-flex e-con-boxed e-con e-parent\" data-id=\"27a1f7e\" data-element_type=\"container\">\n\t\t\t\t\t<div class=\"e-con-inner\">\n\t\t\t\t<div class=\"elementor-element elementor-element-1d08c66 elementor-widget elementor-widget-heading\" data-id=\"1d08c66\" data-element_type=\"widget\" data-widget_type=\"heading.default\">\n\t\t\t\t<div class=\"elementor-widget-container\">\n\t\t\t\t\t<h2 class=\"elementor-heading-title elementor-size-default\">Principalele cauze ale Lipsa Fortei de Munca in Rom\u00e2nia<\/h2>\t\t\t\t<\/div>\n\t\t\t\t<\/div>\n\t\t\t\t<div class=\"elementor-element elementor-element-a2e69d0 elementor-widget elementor-widget-text-editor\" data-id=\"a2e69d0\" data-element_type=\"widget\" data-widget_type=\"text-editor.default\">\n\t\t\t\t<div class=\"elementor-widget-container\">\n\t\t\t\t\t\t\t\t\t<p><span style=\"font-weight: 400;\">Problemele structurale ale pie\u021bei muncii din Rom\u00e2nia sunt complexe \u0219i interconectate. Analiza datelor recente dezv\u0103luie trei cauze majore care genereaz\u0103 Lipsa Fortei de Munca in Rom\u00e2nia \u00een \u021bara noastr\u0103.<\/span><\/p>\t\t\t\t\t\t\t\t<\/div>\n\t\t\t\t<\/div>\n\t\t\t\t\t<\/div>\n\t\t\t\t<\/div>\n\t\t<div class=\"elementor-element elementor-element-c7e858b e-flex e-con-boxed e-con e-parent\" data-id=\"c7e858b\" data-element_type=\"container\">\n\t\t\t\t\t<div class=\"e-con-inner\">\n\t\t\t\t<div class=\"elementor-element elementor-element-700b615 elementor-widget elementor-widget-heading\" data-id=\"700b615\" data-element_type=\"widget\" data-widget_type=\"heading.default\">\n\t\t\t\t<div class=\"elementor-widget-container\">\n\t\t\t\t\t<h3 class=\"elementor-heading-title elementor-size-default\">1. Exodul for\u021bei de munc\u0103 rom\u00e2ne\u0219ti \u00een str\u0103in\u0103tate\n<\/h3>\t\t\t\t<\/div>\n\t\t\t\t<\/div>\n\t\t\t\t<div class=\"elementor-element elementor-element-3b66da2 elementor-widget elementor-widget-text-editor\" data-id=\"3b66da2\" data-element_type=\"widget\" data-widget_type=\"text-editor.default\">\n\t\t\t\t<div class=\"elementor-widget-container\">\n\t\t\t\t\t\t\t\t\t<p><span style=\"font-weight: 400;\">Romnia este ara din Uniunea European cu cel mai mare procent de oameni care au ales s emigreze. Peste 3,5 milioane de romni triesc i muncesc n strinatate, iar datele Ministerului Afacerilor Externe arat c aproape 5,7 milioane de romni locuiesc n afara rii. Majoritatea lucreaz exact n domeniile n care avem cele mai mari lipsuri: n construcii, transporturi, sntate i agricultur.<\/span><\/p><p><span style=\"font-weight: 400;\">In acelai timp, statisticile arat c romnii lucrtori mobili reprezint 25% (2,1 milioane) din totalul lucrtorilor mobili din UE. Cele mai frecvente destinaii sunt Italia, Spania, Germania i Marea Britanie, unde sunt mai multe de ctigat dect n Romnia\u00a0 att n privina banilor, ct i a condiiilor.<\/span><\/p>\t\t\t\t\t\t\t\t<\/div>\n\t\t\t\t<\/div>\n\t\t\t\t\t<\/div>\n\t\t\t\t<\/div>\n\t\t<div class=\"elementor-element elementor-element-68b29c1 e-flex e-con-boxed e-con e-parent\" data-id=\"68b29c1\" data-element_type=\"container\">\n\t\t\t\t\t<div class=\"e-con-inner\">\n\t\t\t\t<div class=\"elementor-element elementor-element-0e0040a elementor-widget elementor-widget-heading\" data-id=\"0e0040a\" data-element_type=\"widget\" data-widget_type=\"heading.default\">\n\t\t\t\t<div class=\"elementor-widget-container\">\n\t\t\t\t\t<h2 class=\"elementor-heading-title elementor-size-default\">2. Tinerii NEET \u0219i lipsa de integrare profesional\u0103\n<\/h2>\t\t\t\t<\/div>\n\t\t\t\t<\/div>\n\t\t\t\t<div class=\"elementor-element elementor-element-297d1b8 elementor-widget elementor-widget-text-editor\" data-id=\"297d1b8\" data-element_type=\"widget\" data-widget_type=\"text-editor.default\">\n\t\t\t\t<div class=\"elementor-widget-container\">\n\t\t\t\t\t\t\t\t\t<p><span style=\"font-weight: 400;\">O alt\u0103 problem\u0103 structural\u0103 grav\u0103 este reprezentat\u0103 de tinerii care nu sunt angaja\u021bi \u0219i nu urmeaz\u0103 nicio form\u0103 de educa\u021bie sau preg\u0103tire profesional\u0103 (NEET). Cu 19,4% din popula\u021bia cu v\u00e2rste \u00eentre 15 \u0219i 29 de ani \u00een aceast\u0103 situa\u021bie, Rom\u00e2nia ocup\u0103 nefericitul prim loc \u00een Uniunea European\u0103, aproape dublu fa\u021b\u0103 de media european\u0103.<\/span><\/p><p><span style=\"font-weight: 400;\">Disparitatea de gen este \u00eengrijor\u0103toare: doar 14% dintre tinerii b\u0103rba\u021bi sunt NEET, fa\u021b\u0103 de 25,2% dintre femeile tinere. Mai mult, aproximativ 14% dintre tinerii NEET sunt considera\u021bi &#8222;inactivi economic&#8221; \u0219i nu apar \u00eenregistra\u021bi ca \u0219omeri.<\/span><\/p>\t\t\t\t\t\t\t\t<\/div>\n\t\t\t\t<\/div>\n\t\t\t\t\t<\/div>\n\t\t\t\t<\/div>\n\t\t<div class=\"elementor-element elementor-element-b00780c e-flex e-con-boxed e-con e-parent\" data-id=\"b00780c\" data-element_type=\"container\">\n\t\t\t\t\t<div class=\"e-con-inner\">\n\t\t\t\t<div class=\"elementor-element elementor-element-84865cd elementor-widget elementor-widget-heading\" data-id=\"84865cd\" data-element_type=\"widget\" data-widget_type=\"heading.default\">\n\t\t\t\t<div class=\"elementor-widget-container\">\n\t\t\t\t\t<h2 class=\"elementor-heading-title elementor-size-default\">3. Popula\u021bia activ\u0103 care nu figureaz\u0103 \u00een c\u00e2mpul muncii\n<\/h2>\t\t\t\t<\/div>\n\t\t\t\t<\/div>\n\t\t\t\t\t<\/div>\n\t\t\t\t<\/div>\n\t\t<div class=\"elementor-element elementor-element-821bd08 e-flex e-con-boxed e-con e-parent\" data-id=\"821bd08\" data-element_type=\"container\">\n\t\t\t\t\t<div class=\"e-con-inner\">\n\t\t\t\t<div class=\"elementor-element elementor-element-b95cd31 elementor-widget elementor-widget-text-editor\" data-id=\"b95cd31\" data-element_type=\"widget\" data-widget_type=\"text-editor.default\">\n\t\t\t\t<div class=\"elementor-widget-container\">\n\t\t\t\t\t\t\t\t\t<p><span style=\"font-weight: 400;\">Romnia se situeaz pe ultimul loc n UE din perspectiva ct de mare este populaia cu vrsta cuprins ntre 15 i 64 de ani care muncete sau dorete s munceasc. Astfel, din totalul de 12,2 milioane de persoane cu vrsta ntre 15-64 ani, aproximativ 8,06 milioane pot fi ncadrate n categoria persoanelor care activeaz pe piaa muncii.<\/span><\/p><p><span style=\"font-weight: 400;\">n plus, circa 214.300 persoane sunt disponibile s nceap lucrul, ns nu sunt angajate pentru c nu caut n mod activ un loc de munc. Jumtate din persoanele inaktive din Romnia au absolvit liceul (30,6%) sau au o calificare medie profesional (17,4%), iar 62% din persoanele inactice sunt femei.<\/span><\/p><p><span style=\"font-weight: 400;\">Toate aceste lucruri, plus mbtrnirea rapid a populaiei i tendina de scdere a acesteia, au transformat lipsa forei de munc n ceva chronic i greu de remediat, cu ajutorul unor msuri de politic social, pe termen mediu i lung.<\/span><\/p>\t\t\t\t\t\t\t\t<\/div>\n\t\t\t\t<\/div>\n\t\t\t\t\t<\/div>\n\t\t\t\t<\/div>\n\t\t<div class=\"elementor-element elementor-element-dbbc693 e-flex e-con-boxed e-con e-parent\" data-id=\"dbbc693\" data-element_type=\"container\">\n\t\t\t\t\t<div class=\"e-con-inner\">\n\t\t\t\t<div class=\"elementor-element elementor-element-cab72d6 elementor-widget elementor-widget-heading\" data-id=\"cab72d6\" data-element_type=\"widget\" data-widget_type=\"heading.default\">\n\t\t\t\t<div class=\"elementor-widget-container\">\n\t\t\t\t\t<h2 class=\"elementor-heading-title elementor-size-default\">4. Solu\u021bia actual\u0103: muncitorii str\u0103ini \u00een Rom\u00e2nia\n<\/h2>\t\t\t\t<\/div>\n\t\t\t\t<\/div>\n\t\t\t\t\t<\/div>\n\t\t\t\t<\/div>\n\t\t<div class=\"elementor-element elementor-element-c5762e2 e-flex e-con-boxed e-con e-parent\" data-id=\"c5762e2\" data-element_type=\"container\">\n\t\t\t\t\t<div class=\"e-con-inner\">\n\t\t\t\t<div class=\"elementor-element elementor-element-b6d8071 elementor-widget elementor-widget-text-editor\" data-id=\"b6d8071\" data-element_type=\"widget\" data-widget_type=\"text-editor.default\">\n\t\t\t\t<div class=\"elementor-widget-container\">\n\t\t\t\t\t\t\t\t\t<p><span style=\"font-weight: 400;\">\u00cen fa\u021ba crizei de personal, angajatorii rom\u00e2ni au g\u0103sit o solu\u021bie func\u021bional\u0103: muncitorii str\u0103ini. La sf\u00e2r\u0219itul anului 2024, peste 140.640 de angaja\u021bi din afara Uniunii Europene lucrau legal \u00een Rom\u00e2nia.<\/span><\/p>\t\t\t\t\t\t\t\t<\/div>\n\t\t\t\t<\/div>\n\t\t\t\t\t<\/div>\n\t\t\t\t<\/div>\n\t\t<div class=\"elementor-element elementor-element-7ea4899 e-flex e-con-boxed e-con e-parent\" data-id=\"7ea4899\" data-element_type=\"container\">\n\t\t\t\t\t<div class=\"e-con-inner\">\n\t\t\t\t<div class=\"elementor-element elementor-element-dfe620a elementor-widget elementor-widget-heading\" data-id=\"dfe620a\" data-element_type=\"widget\" data-widget_type=\"heading.default\">\n\t\t\t\t<div class=\"elementor-widget-container\">\n\t\t\t\t\t<h2 class=\"elementor-heading-title elementor-size-default\">Top 10 \u021b\u0103ri care trimit muncitori \u00een Rom\u00e2nia\n<\/h2>\t\t\t\t<\/div>\n\t\t\t\t<\/div>\n\t\t\t\t\t<\/div>\n\t\t\t\t<\/div>\n\t\t<div class=\"elementor-element elementor-element-255758f e-flex e-con-boxed e-con e-parent\" data-id=\"255758f\" data-element_type=\"container\">\n\t\t\t\t\t<div class=\"e-con-inner\">\n\t\t\t\t<div class=\"elementor-element elementor-element-4223443 elementor-widget elementor-widget-text-editor\" data-id=\"4223443\" data-element_type=\"widget\" data-widget_type=\"text-editor.default\">\n\t\t\t\t<div class=\"elementor-widget-container\">\n\t\t\t\t\t\t\t\t\t<p><span style=\"font-weight: 400;\">Nepal conduce deta\u0219at acest clasament, cu aproximativ 45.802 persoane, urmat de <\/span><\/p><ul><li><span style=\"font-weight: 400;\">Sri Lanka cu 22.559 <\/span><span style=\"font-weight: 400;\">\u0219i <\/span><\/li><li><span style=\"font-weight: 400;\">Turcia cu 18.150 lucr\u0103tori. Pe locurile urm\u0103toare se situeaz\u0103 <\/span><\/li><li><span style=\"font-weight: 400;\">Moldova (15.714), <\/span><\/li><li><span style=\"font-weight: 400;\">India (12.995), <\/span><\/li><li><span style=\"font-weight: 400;\">Bangladesh (8.449), <\/span><\/li><li><span style=\"font-weight: 400;\">China (8.272), <\/span><\/li><li><span style=\"font-weight: 400;\">Siria (7.222), <\/span><\/li><li><span style=\"font-weight: 400;\">Egipt (5.471) \u0219i <\/span><\/li><li><span style=\"font-weight: 400;\">Pakistan (4.522).<\/span><\/li><\/ul>\t\t\t\t\t\t\t\t<\/div>\n\t\t\t\t<\/div>\n\t\t\t\t<div class=\"elementor-element elementor-element-5912959 elementor-align-left elementor-widget elementor-widget-button\" data-id=\"5912959\" data-element_type=\"widget\" data-widget_type=\"button.default\">\n\t\t\t\t<div class=\"elementor-widget-container\">\n\t\t\t\t\t\t\t\t\t<div class=\"elementor-button-wrapper\">\n\t\t\t\t\t<a class=\"elementor-button elementor-button-link elementor-size-sm\" href=\"#popmake-92215\">\n\t\t\t\t\t\t<span class=\"elementor-button-content-wrapper\">\n\t\t\t\t\t\t\t\t\t<span class=\"elementor-button-text\">Grupul BCM ofer\u0103 lucr\u0103tori complet preg\u0103ti\u021bi<\/span>\n\t\t\t\t\t<\/span>\n\t\t\t\t\t<\/a>\n\t\t\t\t<\/div>\n\t\t\t\t\t\t\t\t<\/div>\n\t\t\t\t<\/div>\n\t\t\t\t\t<\/div>\n\t\t\t\t<\/div>\n\t\t<div class=\"elementor-element elementor-element-bd0060e e-flex e-con-boxed e-con e-parent\" data-id=\"bd0060e\" data-element_type=\"container\">\n\t\t\t\t\t<div class=\"e-con-inner\">\n\t\t\t\t<div class=\"elementor-element elementor-element-2132c1c elementor-widget elementor-widget-heading\" data-id=\"2132c1c\" data-element_type=\"widget\" data-widget_type=\"heading.default\">\n\t\t\t\t<div class=\"elementor-widget-container\">\n\t\t\t\t\t<h2 class=\"elementor-heading-title elementor-size-default\">Domeniile \u00een care activeaz\u0103 muncitorii extracomunitari\n<\/h2>\t\t\t\t<\/div>\n\t\t\t\t<\/div>\n\t\t\t\t\t<\/div>\n\t\t\t\t<\/div>\n\t\t<div class=\"elementor-element elementor-element-b6457c8 e-flex e-con-boxed e-con e-parent\" data-id=\"b6457c8\" data-element_type=\"container\">\n\t\t\t\t\t<div class=\"e-con-inner\">\n\t\t\t\t<div class=\"elementor-element elementor-element-47bdef8 elementor-widget elementor-widget-text-editor\" data-id=\"47bdef8\" data-element_type=\"widget\" data-widget_type=\"text-editor.default\">\n\t\t\t\t<div class=\"elementor-widget-container\">\n\t\t\t\t\t\t\t\t\t<p><span style=\"font-weight: 400;\">For\u021ba de munc\u0103 str\u0103in\u0103 este concentrat\u0103 \u00een cinci sectoare principale: produc\u021bie (29.141 angaja\u021bi), construc\u021bii (28.538), comer\u021b (20.008), HoReCa (18.844) \u0219i servicii administrative (12.189). \u00cen domeniul ospitalit\u0103\u021bii, ponderea lucr\u0103torilor non-UE a atins 13% din totalul angaja\u021bilor.<\/span><\/p>\t\t\t\t\t\t\t\t<\/div>\n\t\t\t\t<\/div>\n\t\t\t\t\t<\/div>\n\t\t\t\t<\/div>\n\t\t<div class=\"elementor-element elementor-element-9402265 e-flex e-con-boxed e-con e-parent\" data-id=\"9402265\" data-element_type=\"container\">\n\t\t\t\t\t<div class=\"e-con-inner\">\n\t\t\t\t<div class=\"elementor-element elementor-element-659af50 elementor-widget elementor-widget-heading\" data-id=\"659af50\" data-element_type=\"widget\" data-widget_type=\"heading.default\">\n\t\t\t\t<div class=\"elementor-widget-container\">\n\t\t\t\t\t<h2 class=\"elementor-heading-title elementor-size-default\">C\u00e2te avize de munc\u0103 sunt disponibile anual\n<\/h2>\t\t\t\t<\/div>\n\t\t\t\t<\/div>\n\t\t\t\t\t<\/div>\n\t\t\t\t<\/div>\n\t\t<div class=\"elementor-element elementor-element-2c4f5a7 e-flex e-con-boxed e-con e-parent\" data-id=\"2c4f5a7\" data-element_type=\"container\">\n\t\t\t\t\t<div class=\"e-con-inner\">\n\t\t\t\t<div class=\"elementor-element elementor-element-66deb2c elementor-widget elementor-widget-text-editor\" data-id=\"66deb2c\" data-element_type=\"widget\" data-widget_type=\"text-editor.default\">\n\t\t\t\t<div class=\"elementor-widget-container\">\n\t\t\t\t\t\t\t\t\t<p><span style=\"font-weight: 400;\">Guvernul a perpetuat pentru 2024 i 2025 un plafon de 100.000 de avize anual, dei patronatele cer n mod constant 150.000. n ultimii trei ani, autoritile romne au pus la dispoziie avize pentru peste 310.000 de strini. dar \u00een 2025-2026 guvernul \u00eencearc\u0103 s\u0103 aprobe permisul de munc\u0103 de <span style=\"text-decoration: underline;\"><strong><a href=\"https:\/\/www.digi24.ro\/stiri\/ministerul-muncii-propune-pentru-2026-un-contingent-de-90-000-de-lucratori-straini-nou-admisi-pe-piata-muncii-3554353\" target=\"_blank\" rel=\"noopener\">90.000 \u00een anul urm\u0103tor, conform ultimelor informa\u021bii.<\/a><\/strong><\/span><\/span><\/p>\t\t\t\t\t\t\t\t<\/div>\n\t\t\t\t<\/div>\n\t\t\t\t\t<\/div>\n\t\t\t\t<\/div>\n\t\t<div class=\"elementor-element elementor-element-bf3f6cb e-flex e-con-boxed e-con e-parent\" data-id=\"bf3f6cb\" data-element_type=\"container\">\n\t\t\t\t\t<div class=\"e-con-inner\">\n\t\t\t\t<div class=\"elementor-element elementor-element-a1f7113 elementor-widget elementor-widget-heading\" data-id=\"a1f7113\" data-element_type=\"widget\" data-widget_type=\"heading.default\">\n\t\t\t\t<div class=\"elementor-widget-container\">\n\t\t\t\t\t<h2 class=\"elementor-heading-title elementor-size-default\">Cum echilibreaz\u0103 muncitorii str\u0103ini pia\u021ba muncii\n<\/h2>\t\t\t\t<\/div>\n\t\t\t\t<\/div>\n\t\t\t\t\t<\/div>\n\t\t\t\t<\/div>\n\t\t<div class=\"elementor-element elementor-element-261e511 e-flex e-con-boxed e-con e-parent\" data-id=\"261e511\" data-element_type=\"container\">\n\t\t\t\t\t<div class=\"e-con-inner\">\n\t\t\t\t<div class=\"elementor-element elementor-element-1cf69a8 elementor-widget elementor-widget-text-editor\" data-id=\"1cf69a8\" data-element_type=\"widget\" data-widget_type=\"text-editor.default\">\n\t\t\t\t<div class=\"elementor-widget-container\">\n\t\t\t\t\t\t\t\t\t<p><span style=\"font-weight: 400;\">Peste 60% dintre avize se refer la meserii din agricultur, construcii, curenie sau manipularea mrfurilor, domenii n care angajatorii romni se confrunt cu mari dificulti n recrutarea forei de munc locale. Dup cum spune Romulus Badea, preedintele PIFM, &#8222;muncitorii strini sunt indispensabili funcionrii economiei romneti&#8221;.<\/span><\/p>\t\t\t\t\t\t\t\t<\/div>\n\t\t\t\t<\/div>\n\t\t\t\t\t<\/div>\n\t\t\t\t<\/div>\n\t\t<div class=\"elementor-element elementor-element-d0a544f e-flex e-con-boxed e-con e-parent\" data-id=\"d0a544f\" data-element_type=\"container\">\n\t\t\t\t\t<div class=\"e-con-inner\">\n\t\t\t\t<div class=\"elementor-element elementor-element-ea5477a elementor-widget elementor-widget-heading\" data-id=\"ea5477a\" data-element_type=\"widget\" data-widget_type=\"heading.default\">\n\t\t\t\t<div class=\"elementor-widget-container\">\n\t\t\t\t\t<h2 class=\"elementor-heading-title elementor-size-default\">Provoc\u0103rile \u0219i limitele solu\u021biei actuale\n<\/h2>\t\t\t\t<\/div>\n\t\t\t\t<\/div>\n\t\t\t\t<div class=\"elementor-element elementor-element-866deda elementor-widget elementor-widget-text-editor\" data-id=\"866deda\" data-element_type=\"widget\" data-widget_type=\"text-editor.default\">\n\t\t\t\t<div class=\"elementor-widget-container\">\n\t\t\t\t\t\t\t\t\t<p><span style=\"font-weight: 400;\">De\u0219i muncitorii str\u0103ini reprezint\u0103 o solu\u021bie vital\u0103 pentru criza for\u021bei de munc\u0103 din Rom\u00e2nia, implementarea acestei strategii se confrunt\u0103 cu obstacole semnificative.<\/span><\/p>\t\t\t\t\t\t\t\t<\/div>\n\t\t\t\t<\/div>\n\t\t\t\t\t<\/div>\n\t\t\t\t<\/div>\n\t\t<div class=\"elementor-element elementor-element-8cd8461 e-flex e-con-boxed e-con e-parent\" data-id=\"8cd8461\" data-element_type=\"container\">\n\t\t\t\t\t<div class=\"e-con-inner\">\n\t\t\t\t<div class=\"elementor-element elementor-element-1c1e39e elementor-widget elementor-widget-heading\" data-id=\"1c1e39e\" data-element_type=\"widget\" data-widget_type=\"heading.default\">\n\t\t\t\t<div class=\"elementor-widget-container\">\n\t\t\t\t\t<h3 class=\"elementor-heading-title elementor-size-default\">1. Bariere legislative \u0219i birocra\u021bie\n<\/h3>\t\t\t\t<\/div>\n\t\t\t\t<\/div>\n\t\t\t\t\t<\/div>\n\t\t\t\t<\/div>\n\t\t<div class=\"elementor-element elementor-element-a63c9b0 e-flex e-con-boxed e-con e-parent\" data-id=\"a63c9b0\" data-element_type=\"container\">\n\t\t\t\t\t<div class=\"e-con-inner\">\n\t\t\t\t<div class=\"elementor-element elementor-element-f42d402 elementor-widget elementor-widget-text-editor\" data-id=\"f42d402\" data-element_type=\"widget\" data-widget_type=\"text-editor.default\">\n\t\t\t\t<div class=\"elementor-widget-container\">\n\t\t\t\t\t\t\t\t\t<p><span style=\"font-weight: 400;\">Procesul de ob\u021binere a permiselor de munc\u0103 este extrem de complicat \u0219i consumator de timp. Angajatorii trebuie s\u0103 demonstreze c\u0103 nu au putut g\u0103si personal local \u0219i s\u0103 parcurg\u0103 un labirint birocratic descurajant. Procedura actual\u0103 este hibrid\u0103: dosarele se \u00eencarc\u0103 online, dar trebuie depuse \u0219i fizic, pentru ca ulterior avizele s\u0103 fie trimise tot \u00een format digital. Acest sistem ineficient poate \u00eent\u00e2rzia integrarea lucr\u0103torilor str\u0103ini pe pia\u021ba muncii cu p\u00e2n\u0103 la 6 luni.<\/span><\/p>\t\t\t\t\t\t\t\t<\/div>\n\t\t\t\t<\/div>\n\t\t\t\t\t<\/div>\n\t\t\t\t<\/div>\n\t\t<div class=\"elementor-element elementor-element-0ce1fae e-flex e-con-boxed e-con e-parent\" data-id=\"0ce1fae\" data-element_type=\"container\">\n\t\t\t\t\t<div class=\"e-con-inner\">\n\t\t\t\t<div class=\"elementor-element elementor-element-6f06260 elementor-widget elementor-widget-heading\" data-id=\"6f06260\" data-element_type=\"widget\" data-widget_type=\"heading.default\">\n\t\t\t\t<div class=\"elementor-widget-container\">\n\t\t\t\t\t<h3 class=\"elementor-heading-title elementor-size-default\">2. Plafonul de avize vs. cererea real\u0103\n<\/h3>\t\t\t\t<\/div>\n\t\t\t\t<\/div>\n\t\t\t\t<div class=\"elementor-element elementor-element-bdb195b elementor-widget elementor-widget-text-editor\" data-id=\"bdb195b\" data-element_type=\"widget\" data-widget_type=\"text-editor.default\">\n\t\t\t\t<div class=\"elementor-widget-container\">\n\t\t\t\t\t\t\t\t\t<p><span style=\"font-weight: 400;\">\u00cen 2025, Guvernul a aprobat un contingent de 100.000 de avize, \u00eens\u0103 realitatea pie\u021bei demonstreaz\u0103 o cerere mult mai mare. P\u00e2n\u0103 \u00een prezent, au fost depuse peste 230.885 de cereri de avize de angajare, aproape triplu fa\u021b\u0103 de limita stabilit\u0103. P\u00e2n\u0103 \u00een octombrie 2025, IGI a emis doar 78.016 avize, restul cererilor fiind \u00een a\u0219teptare. Pentru a rezolva problema Lipsa Fortei de Munca in Rom\u00e2nia eficient, pute\u021bi contacta BCM Group, care ofer\u0103 solu\u021bii specializate \u00een recrutare interna\u021bional\u0103.<\/span><\/p>\t\t\t\t\t\t\t\t<\/div>\n\t\t\t\t<\/div>\n\t\t\t\t\t<\/div>\n\t\t\t\t<\/div>\n\t\t<div class=\"elementor-element elementor-element-66ccec1 e-flex e-con-boxed e-con e-parent\" data-id=\"66ccec1\" data-element_type=\"container\">\n\t\t\t\t\t<div class=\"e-con-inner\">\n\t\t\t\t<div class=\"elementor-element elementor-element-b7ae5c3 elementor-widget elementor-widget-heading\" data-id=\"b7ae5c3\" data-element_type=\"widget\" data-widget_type=\"heading.default\">\n\t\t\t\t<div class=\"elementor-widget-container\">\n\t\t\t\t\t<h3 class=\"elementor-heading-title elementor-size-default\">3. Integrarea cultural\u0103 \u0219i social\u0103 a muncitorilor str\u0103ini\n<\/h3>\t\t\t\t<\/div>\n\t\t\t\t<\/div>\n\t\t\t\t\t<\/div>\n\t\t\t\t<\/div>\n\t\t<div class=\"elementor-element elementor-element-75a42b2 e-flex e-con-boxed e-con e-parent\" data-id=\"75a42b2\" data-element_type=\"container\">\n\t\t\t\t\t<div class=\"e-con-inner\">\n\t\t\t\t<div class=\"elementor-element elementor-element-e75791b elementor-widget elementor-widget-text-editor\" data-id=\"e75791b\" data-element_type=\"widget\" data-widget_type=\"text-editor.default\">\n\t\t\t\t<div class=\"elementor-widget-container\">\n\t\t\t\t\t\t\t\t\t<p><span style=\"font-weight: 400;\">Diferen\u021bele lingvistice \u0219i culturale reprezint\u0103 bariere semnificative pentru integrarea eficient\u0103 a muncitorilor str\u0103ini. Mul\u021bi angaja\u021bi din afara UE se confrunt\u0103 cu nerecunoa\u0219terea sau echivalarea pe o pozi\u021bie inferioar\u0103 a competen\u021belor profesionale. De asemenea, ace\u0219tia nu pot accesa serviciile medicale gratuite p\u00e2n\u0103 c\u00e2nd nu ob\u021bin primul permis de \u0219edere, de\u0219i contribu\u021biile la stat sunt pl\u0103tite de la \u00eenceput. Au existat cazuri raportate de discriminare \u0219i atitudini de respingere, care complic\u0103 \u0219i mai mult adaptarea.<\/span><\/p>\t\t\t\t\t\t\t\t<\/div>\n\t\t\t\t<\/div>\n\t\t\t\t\t<\/div>\n\t\t\t\t<\/div>\n\t\t<div class=\"elementor-element elementor-element-9dacc15 e-flex e-con-boxed e-con e-parent\" data-id=\"9dacc15\" data-element_type=\"container\">\n\t\t\t\t\t<div class=\"e-con-inner\">\n\t\t<div class=\"elementor-element elementor-element-c5cf890 e-con-full e-flex e-con e-child\" data-id=\"c5cf890\" data-element_type=\"container\">\n\t\t\t\t<div class=\"elementor-element elementor-element-91401b6 elementor-align-center elementor-widget elementor-widget-button\" data-id=\"91401b6\" data-element_type=\"widget\" data-widget_type=\"button.default\">\n\t\t\t\t<div class=\"elementor-widget-container\">\n\t\t\t\t\t\t\t\t\t<div class=\"elementor-button-wrapper\">\n\t\t\t\t\t<a class=\"elementor-button elementor-button-link elementor-size-sm\" href=\"https:\/\/bcmgroup.in\/ro\/contact\/\">\n\t\t\t\t\t\t<span class=\"elementor-button-content-wrapper\">\n\t\t\t\t\t\t\t\t\t<span class=\"elementor-button-text\">G\u0103si\u021bi acum solu\u021bia pentru lipsa Fortei de Munca in Rom\u00e2nia<\/span>\n\t\t\t\t\t<\/span>\n\t\t\t\t\t<\/a>\n\t\t\t\t<\/div>\n\t\t\t\t\t\t\t\t<\/div>\n\t\t\t\t<\/div>\n\t\t\t\t<\/div>\n\t\t<div class=\"elementor-element elementor-element-a8d957e e-con-full e-flex e-con e-child\" data-id=\"a8d957e\" data-element_type=\"container\">\n\t\t\t\t<div class=\"elementor-element elementor-element-6920178 elementor-align-center elementor-widget elementor-widget-button\" data-id=\"6920178\" data-element_type=\"widget\" data-widget_type=\"button.default\">\n\t\t\t\t<div class=\"elementor-widget-container\">\n\t\t\t\t\t\t\t\t\t<div class=\"elementor-button-wrapper\">\n\t\t\t\t\t<a class=\"elementor-button elementor-button-link elementor-size-sm\" href=\"#popmake-92215\">\n\t\t\t\t\t\t<span class=\"elementor-button-content-wrapper\">\n\t\t\t\t\t\t\t\t\t<span class=\"elementor-button-text\">Completeaz\u0103 formularul pentru a \u00eencepe.<\/span>\n\t\t\t\t\t<\/span>\n\t\t\t\t\t<\/a>\n\t\t\t\t<\/div>\n\t\t\t\t\t\t\t\t<\/div>\n\t\t\t\t<\/div>\n\t\t\t\t<\/div>\n\t\t\t\t\t<\/div>\n\t\t\t\t<\/div>\n\t\t<div class=\"elementor-element elementor-element-58e2981 e-flex e-con-boxed e-con e-parent\" data-id=\"58e2981\" data-element_type=\"container\">\n\t\t\t\t\t<div class=\"e-con-inner\">\n\t\t\t\t<div class=\"elementor-element elementor-element-a1e84d4 elementor-widget elementor-widget-heading\" data-id=\"a1e84d4\" data-element_type=\"widget\" data-widget_type=\"heading.default\">\n\t\t\t\t<div class=\"elementor-widget-container\">\n\t\t\t\t\t<h2 class=\"elementor-heading-title elementor-size-default\">Concluzie\n<\/h2>\t\t\t\t<\/div>\n\t\t\t\t<\/div>\n\t\t\t\t\t<\/div>\n\t\t\t\t<\/div>\n\t\t<div class=\"elementor-element elementor-element-c876e46 e-flex e-con-boxed e-con e-parent\" data-id=\"c876e46\" data-element_type=\"container\">\n\t\t\t\t\t<div class=\"e-con-inner\">\n\t\t\t\t<div class=\"elementor-element elementor-element-ee0268e elementor-widget elementor-widget-text-editor\" data-id=\"ee0268e\" data-element_type=\"widget\" data-widget_type=\"text-editor.default\">\n\t\t\t\t<div class=\"elementor-widget-container\">\n\t\t\t\t\t\t\t\t\t<ul><li><span style=\"font-weight: 400;\">Lipsa Fortei de Munca in Rom\u00e2nia este, fr ndoial, una dintre cele mai arztoare probleme cu care se confrunt economia rii noastre. Aa cum am vzut, aceast criz are la baz exodul masiv al romnilor spre occident, ponderea alarmant a tinerilor NEET i numrul mare al persoanelor active care nu figureaz n cmpul muncii. Aceti factori determin o dureroas paradoxal n economie &#8211; locuri de munc vacante care nu pot fi ocupate, dei exist sute de mii de romni care ar putea lucra.\u00a0<\/span><\/li><li><span style=\"font-weight: 400;\">S-a ajuns astfel ca angajarea muncitorilor strini s devin, pentru supravieuirea multor afaceri, o soluie vital. Mai mult de 140.640 de muncitori extracomunitari sunt o real resurs pentru economia naional, acoperind golurile lsate n sectoarele a cror activitate este puternic impactat de Lipsa Fortei de Munca in Rom\u00e2nia: producie, construcii, HoReCa. ns aceast soluie se lovete de limite clare &#8211; o birocraie excesiv, un plafon insuficient de avize i dificulti de adaptare la realitile socio-culturale ale rii noastre.\u00a0<\/span><\/li><\/ul>\t\t\t\t\t\t\t\t<\/div>\n\t\t\t\t<\/div>\n\t\t\t\t\t<\/div>\n\t\t\t\t<\/div>\n\t\t<div class=\"elementor-element elementor-element-6fbf123 e-flex e-con-boxed e-con e-parent\" data-id=\"6fbf123\" data-element_type=\"container\">\n\t\t\t\t\t<div class=\"e-con-inner\">\n\t\t\t\t<div class=\"elementor-element elementor-element-ca521e6 elementor-widget elementor-widget-text-editor\" data-id=\"ca521e6\" data-element_type=\"widget\" data-widget_type=\"text-editor.default\">\n\t\t\t\t<div class=\"elementor-widget-container\">\n\t\t\t\t\t\t\t\t\t<ul><li><span style=\"font-weight: 400;\">Privind spre viitor, este esen\u021bial s\u0103 abord\u0103m aceast\u0103 problem\u0103 din multiple perspective. Pe termen scurt, companiile care se confrunt\u0103 cu lipsa personalului pot rezolva problema contact\u00e2nd BCM Group, care ofer\u0103 solu\u021bii specializate \u00een recrutarea interna\u021bional\u0103. Pe termen lung, \u00eens\u0103, Rom\u00e2nia trebuie s\u0103 dezvolte strategii pentru reintegrarea tinerilor NEET \u0219i a popula\u021biei inactive pe pia\u021ba muncii, crearea unor condi\u021bii mai atractive pentru rom\u00e2nii din diaspora \u0219i eficientizarea proceselor de integrare a muncitorilor str\u0103ini.<\/span><\/li><li><span style=\"font-weight: 400;\">Realitatea economic\u0103 actual\u0103 ne arat\u0103 c\u0103 nu mai putem ignora aceast\u0103 criz\u0103. Lipsa Fortei de Munca in Rom\u00e2nia amenin deja competitivitatea, capacitatea de relansare i stabilitatea economic a rii n condiii de criz. Drept urmare, att autoritile publice ct i companiile private trebuie s identifice n mod urgent msuri care s trateze aceast problem structural i care s asigure viitorul economiei romneti.<\/span><\/li><\/ul>\t\t\t\t\t\t\t\t<\/div>\n\t\t\t\t<\/div>\n\t\t\t\t\t<\/div>\n\t\t\t\t<\/div>\n\t\t\t\t<\/div>\n\t\t","protected":false},"excerpt":{"rendered":"<p>Lipsa Fortei De Munca \u00een Rom\u00e2nia \u2013 Provoc\u0103rile Angaj\u0103rii \u00een 2026 Lipsa fortei de munca din Rom\u00e2nia a \u034fajuns la\u034f numer\u034fe \u00eengrijor\u034f\u0103\u034ftoare, cu mai mu\u034flt de \u034f6\u034f00.000 de locuri\u034f de munc\u0103 goale \u00eenregistrate \u00een 2025. Problema este ciud\u034fat\u0103: pe\u034f c\u00e2nd angajatorii caut\u0103 ur\u034fgent oameni, apr\u034foap\u034fe \u034f500.000 de persoane care pot munci nu apar nic\u0103ieri\u034f pe [&hellip;]<\/p>\n","protected":false},"author":2,"featured_media":126701,"comment_status":"open","ping_status":"open","sticky":false,"template":"elementor_canvas","format":"standard","meta":{"googlesitekit_rrm_CAowi469DA:productID":"","footnotes":""},"categories":[582],"tags":[],"class_list":["post-119360","post","type-post","status-publish","format-standard","has-post-thumbnail","hentry","category-bloguri"],"_links":{"self":[{"href":"https:\/\/bcmgroup.in\/ro\/wp-json\/wp\/v2\/posts\/119360","targetHints":{"allow":["GET"]}}],"collection":[{"href":"https:\/\/bcmgroup.in\/ro\/wp-json\/wp\/v2\/posts"}],"about":[{"href":"https:\/\/bcmgroup.in\/ro\/wp-json\/wp\/v2\/types\/post"}],"author":[{"embeddable":true,"href":"https:\/\/bcmgroup.in\/ro\/wp-json\/wp\/v2\/users\/2"}],"replies":[{"embeddable":true,"href":"https:\/\/bcmgroup.in\/ro\/wp-json\/wp\/v2\/comments?post=119360"}],"version-history":[{"count":17,"href":"https:\/\/bcmgroup.in\/ro\/wp-json\/wp\/v2\/posts\/119360\/revisions"}],"predecessor-version":[{"id":154225,"href":"https:\/\/bcmgroup.in\/ro\/wp-json\/wp\/v2\/posts\/119360\/revisions\/154225"}],"wp:featuredmedia":[{"embeddable":true,"href":"https:\/\/bcmgroup.in\/ro\/wp-json\/wp\/v2\/media\/126701"}],"wp:attachment":[{"href":"https:\/\/bcmgroup.in\/ro\/wp-json\/wp\/v2\/media?parent=119360"}],"wp:term":[{"taxonomy":"category","embeddable":true,"href":"https:\/\/bcmgroup.in\/ro\/wp-json\/wp\/v2\/categories?post=119360"},{"taxonomy":"post_tag","embeddable":true,"href":"https:\/\/bcmgroup.in\/ro\/wp-json\/wp\/v2\/tags?post=119360"}],"curies":[{"name":"wp","href":"https:\/\/api.w.org\/{rel}","templated":true}]}}